{"id":14376,"date":"2024-01-27T22:53:03","date_gmt":"2024-01-27T21:53:03","guid":{"rendered":"https:\/\/tierschutz.com\/?p=14376"},"modified":"2025-11-26T09:24:07","modified_gmt":"2025-11-26T08:24:07","slug":"decisione-dellassemblea-dei-delegati-la-presidente-della-sts-nicole-ruch-e-stata-destituita-dal-suo-incarico","status":"publish","type":"post","link":"https:\/\/mail.sts-psa.ch\/it\/decisione-dellassemblea-dei-delegati-la-presidente-della-sts-nicole-ruch-e-stata-destituita-dal-suo-incarico\/","title":{"rendered":"Decisione dell&#8217;assemblea dei delegati: la Presidente della PSA Nicole Ruch \u00e8 stata destituita dal suo incarico"},"content":{"rendered":"\n<h2 class=\"wp-block-heading\" id=\"h-decisione-dell-assemblea-dei-delegati-la-presidente-della-psa-nicole-ruch-e-stata-destituita-dal-suo-incarico\"><strong>Decisione dell&#8217;assemblea dei delegati: la Presidente della PSA Nicole Ruch \u00e8 stata destituita dal suo incarico<\/strong><\/h2>\n\n\n\n<p><strong>L&#8217;Assemblea dei delegati della Protezione Svizzera degli Animali PSA ha adottato oggi una mozione per la revoca del Presidente della PSA Nicole Ruch. L&#8217;attuale vicepresidente Piero Mazzoleni assumer\u00e0 la presidenza ad interim.<\/strong><\/p>\n\n\n\n<p>Diverse sezioni hanno chiesto che la presidente ad interim Nicole Ruch venga licenziata con effetto immediato. Dopo approfondite discussioni, la mozione \u00e8 stata accolta. Di conseguenza, anche il vicepresidente Thierry de Mestral si \u00e8 dimesso con effetto immediato, cos\u00ec come il membro del Consiglio direttivo Stella Pogorzelski. \u00abAccetto questa decisione democratica, anche se mi dispiace molto per il risultato\u00bb, ha dichiarato Nicole Ruch. L&#8217;ex vicepresidente Piero Mazzoleni assumer\u00e0 la presidenza ad interim.<\/p>\n\n\n\n<p><strong>Membri del Comitato centrale<br><\/strong>L&#8217;Assemblea dei delegati non ha rieletto il membro del Comitato centrale Martina Munz e ha escluso Michel Roux dal Comitato centrale. Hanspeter Berger, Lolita Morena, Bettina Neuenschwander e Sandrine Stuck Grosclaude sono stati rieletti. Vincent Fevre, Hans Gonella, Peter V. Kunz, Laurent Schaffter, Eva Suhner e Stefan Werner sono stati eletti nuovi membri del Comitato Centrale.<\/p>\n","protected":false},"excerpt":{"rendered":"<p>L&#8217;Assemblea dei delegati della Protezione Svizzera degli Animali PSA ha adottato oggi una mozione per la revoca del Presidente della STS Nicole Ruch. L&#8217;attuale vicepresidente Piero Mazzoleni assumer\u00e0 la presidenza ad interim.<\/p>\n","protected":false},"author":3,"featured_media":30114,"comment_status":"closed","ping_status":"closed","sticky":false,"template":"","format":"standard","meta":{"_acf_changed":false,"inline_featured_image":false,"_vp_format_video_url":"","_vp_image_focal_point":[],"footnotes":""},"categories":[256],"tags":[],"class_list":["post-14376","post","type-post","status-publish","format-standard","has-post-thumbnail","hentry","category-comunicato-stampa"],"acf":[],"yoast_head":"<!-- This site is optimized with the Yoast SEO Premium plugin v27.4 (Yoast SEO v27.4) - https:\/\/yoast.com\/product\/yoast-seo-premium-wordpress\/ -->\n<title>Decisione dell&#039;assemblea dei delegati: la Presidente della PSA Nicole Ruch \u00e8 stata destituita dal suo incarico - Protezione Svizzera degli Animali PSA<\/title>\n<meta name=\"robots\" content=\"index, follow, max-snippet:-1, max-image-preview:large, max-video-preview:-1\" \/>\n<link rel=\"canonical\" href=\"https:\/\/mail.sts-psa.ch\/it\/decisione-dellassemblea-dei-delegati-la-presidente-della-sts-nicole-ruch-e-stata-destituita-dal-suo-incarico\/\" \/>\n<meta property=\"og:locale\" content=\"it_IT\" \/>\n<meta property=\"og:type\" content=\"article\" \/>\n<meta property=\"og:title\" content=\"Decisione dell&#039;assemblea dei delegati: la Presidente della PSA Nicole Ruch \u00e8 stata destituita dal suo incarico\" \/>\n<meta property=\"og:description\" content=\"L&#039;Assemblea dei delegati della Protezione Svizzera degli Animali PSA ha adottato oggi una mozione per la revoca del Presidente della STS Nicole Ruch. L&#039;attuale vicepresidente Piero Mazzoleni assumer\u00e0 la presidenza ad interim.\" \/>\n<meta property=\"og:url\" content=\"https:\/\/mail.sts-psa.ch\/it\/decisione-dellassemblea-dei-delegati-la-presidente-della-sts-nicole-ruch-e-stata-destituita-dal-suo-incarico\/\" \/>\n<meta property=\"og:site_name\" content=\"Protezione Svizzera degli Animali PSA\" \/>\n<meta property=\"article:publisher\" content=\"https:\/\/www.facebook.com\/schweizertierschutz\/\" \/>\n<meta property=\"article:published_time\" content=\"2024-01-27T21:53:03+00:00\" \/>\n<meta property=\"article:modified_time\" content=\"2025-11-26T08:24:07+00:00\" \/>\n<meta property=\"og:image\" content=\"https:\/\/mail.schweizertierschutz.ch\/app\/uploads\/2025\/03\/sts-logo-MM-it-scaled.jpg\" \/>\n\t<meta property=\"og:image:width\" content=\"2560\" \/>\n\t<meta property=\"og:image:height\" content=\"1440\" \/>\n\t<meta property=\"og:image:type\" content=\"image\/jpeg\" \/>\n<meta name=\"author\" content=\"Simon Hubacher\" \/>\n<meta name=\"twitter:card\" content=\"summary_large_image\" \/>\n<meta name=\"twitter:label1\" content=\"Scritto da\" \/>\n\t<meta name=\"twitter:data1\" content=\"Simon Hubacher\" \/>\n\t<meta name=\"twitter:label2\" content=\"Tempo di lettura stimato\" \/>\n\t<meta name=\"twitter:data2\" content=\"2 minuti\" \/>\n<script type=\"application\/ld+json\" class=\"yoast-schema-graph\">{\"@context\":\"https:\\\/\\\/schema.org\",\"@graph\":[{\"@type\":\"NewsArticle\",\"@id\":\"https:\\\/\\\/mail.sts-psa.ch\\\/it\\\/decisione-dellassemblea-dei-delegati-la-presidente-della-sts-nicole-ruch-e-stata-destituita-dal-suo-incarico\\\/#article\",\"isPartOf\":{\"@id\":\"https:\\\/\\\/mail.sts-psa.ch\\\/it\\\/decisione-dellassemblea-dei-delegati-la-presidente-della-sts-nicole-ruch-e-stata-destituita-dal-suo-incarico\\\/\"},\"author\":{\"name\":\"Simon Hubacher\",\"@id\":\"https:\\\/\\\/tierschutz.com\\\/it\\\/#\\\/schema\\\/person\\\/119ff9ca06212ddcde341c9c424c3418\"},\"headline\":\"Decisione dell&#8217;assemblea dei delegati: la Presidente della PSA Nicole Ruch \u00e8 stata destituita dal suo incarico\",\"datePublished\":\"2024-01-27T21:53:03+00:00\",\"dateModified\":\"2025-11-26T08:24:07+00:00\",\"mainEntityOfPage\":{\"@id\":\"https:\\\/\\\/mail.sts-psa.ch\\\/it\\\/decisione-dellassemblea-dei-delegati-la-presidente-della-sts-nicole-ruch-e-stata-destituita-dal-suo-incarico\\\/\"},\"wordCount\":198,\"publisher\":{\"@id\":\"https:\\\/\\\/tierschutz.com\\\/it\\\/#organization\"},\"image\":{\"@id\":\"https:\\\/\\\/mail.sts-psa.ch\\\/it\\\/decisione-dellassemblea-dei-delegati-la-presidente-della-sts-nicole-ruch-e-stata-destituita-dal-suo-incarico\\\/#primaryimage\"},\"thumbnailUrl\":\"https:\\\/\\\/mail.sts-psa.ch\\\/app\\\/uploads\\\/2025\\\/03\\\/sts-logo-MM-it-scaled.jpg\",\"articleSection\":[\"Comunicato stampa\"],\"inLanguage\":\"it-IT\"},{\"@type\":\"WebPage\",\"@id\":\"https:\\\/\\\/mail.sts-psa.ch\\\/it\\\/decisione-dellassemblea-dei-delegati-la-presidente-della-sts-nicole-ruch-e-stata-destituita-dal-suo-incarico\\\/\",\"url\":\"https:\\\/\\\/mail.sts-psa.ch\\\/it\\\/decisione-dellassemblea-dei-delegati-la-presidente-della-sts-nicole-ruch-e-stata-destituita-dal-suo-incarico\\\/\",\"name\":\"Decisione dell'assemblea dei delegati: la Presidente della PSA Nicole Ruch \u00e8 stata destituita dal suo incarico - Protezione Svizzera degli Animali PSA\",\"isPartOf\":{\"@id\":\"https:\\\/\\\/tierschutz.com\\\/it\\\/#website\"},\"primaryImageOfPage\":{\"@id\":\"https:\\\/\\\/mail.sts-psa.ch\\\/it\\\/decisione-dellassemblea-dei-delegati-la-presidente-della-sts-nicole-ruch-e-stata-destituita-dal-suo-incarico\\\/#primaryimage\"},\"image\":{\"@id\":\"https:\\\/\\\/mail.sts-psa.ch\\\/it\\\/decisione-dellassemblea-dei-delegati-la-presidente-della-sts-nicole-ruch-e-stata-destituita-dal-suo-incarico\\\/#primaryimage\"},\"thumbnailUrl\":\"https:\\\/\\\/mail.sts-psa.ch\\\/app\\\/uploads\\\/2025\\\/03\\\/sts-logo-MM-it-scaled.jpg\",\"datePublished\":\"2024-01-27T21:53:03+00:00\",\"dateModified\":\"2025-11-26T08:24:07+00:00\",\"breadcrumb\":{\"@id\":\"https:\\\/\\\/mail.sts-psa.ch\\\/it\\\/decisione-dellassemblea-dei-delegati-la-presidente-della-sts-nicole-ruch-e-stata-destituita-dal-suo-incarico\\\/#breadcrumb\"},\"inLanguage\":\"it-IT\",\"potentialAction\":[{\"@type\":\"ReadAction\",\"target\":[\"https:\\\/\\\/mail.sts-psa.ch\\\/it\\\/decisione-dellassemblea-dei-delegati-la-presidente-della-sts-nicole-ruch-e-stata-destituita-dal-suo-incarico\\\/\"]}]},{\"@type\":\"ImageObject\",\"inLanguage\":\"it-IT\",\"@id\":\"https:\\\/\\\/mail.sts-psa.ch\\\/it\\\/decisione-dellassemblea-dei-delegati-la-presidente-della-sts-nicole-ruch-e-stata-destituita-dal-suo-incarico\\\/#primaryimage\",\"url\":\"https:\\\/\\\/mail.sts-psa.ch\\\/app\\\/uploads\\\/2025\\\/03\\\/sts-logo-MM-it-scaled.jpg\",\"contentUrl\":\"https:\\\/\\\/mail.sts-psa.ch\\\/app\\\/uploads\\\/2025\\\/03\\\/sts-logo-MM-it-scaled.jpg\",\"width\":2560,\"height\":1440},{\"@type\":\"BreadcrumbList\",\"@id\":\"https:\\\/\\\/mail.sts-psa.ch\\\/it\\\/decisione-dellassemblea-dei-delegati-la-presidente-della-sts-nicole-ruch-e-stata-destituita-dal-suo-incarico\\\/#breadcrumb\",\"itemListElement\":[{\"@type\":\"ListItem\",\"position\":1,\"name\":\"Pagina iniziale\",\"item\":\"https:\\\/\\\/tierschutz.com\\\/it\\\/\"},{\"@type\":\"ListItem\",\"position\":2,\"name\":\"Decisione dell&#8217;assemblea dei delegati: la Presidente della PSA Nicole Ruch \u00e8 stata destituita dal suo incarico\"}]},{\"@type\":\"WebSite\",\"@id\":\"https:\\\/\\\/tierschutz.com\\\/it\\\/#website\",\"url\":\"https:\\\/\\\/tierschutz.com\\\/it\\\/\",\"name\":\"tierschutz.com\",\"description\":\"Wir setzen uns f\u00fcr das Wohl der Tiere ein.\",\"publisher\":{\"@id\":\"https:\\\/\\\/tierschutz.com\\\/it\\\/#organization\"},\"alternateName\":\"Schweizer Tierschutz STS\",\"potentialAction\":[{\"@type\":\"SearchAction\",\"target\":{\"@type\":\"EntryPoint\",\"urlTemplate\":\"https:\\\/\\\/tierschutz.com\\\/it\\\/?s={search_term_string}\"},\"query-input\":{\"@type\":\"PropertyValueSpecification\",\"valueRequired\":true,\"valueName\":\"search_term_string\"}}],\"inLanguage\":\"it-IT\"},{\"@type\":\"Organization\",\"@id\":\"https:\\\/\\\/tierschutz.com\\\/it\\\/#organization\",\"name\":\"Schweizer Tierschutz STS\",\"alternateName\":\"STS\",\"url\":\"https:\\\/\\\/tierschutz.com\\\/it\\\/\",\"logo\":{\"@type\":\"ImageObject\",\"inLanguage\":\"it-IT\",\"@id\":\"https:\\\/\\\/tierschutz.com\\\/it\\\/#\\\/schema\\\/logo\\\/image\\\/\",\"url\":\"https:\\\/\\\/mail.sts-psa.ch\\\/app\\\/uploads\\\/2024\\\/04\\\/logo-schweizer-tierschutz-sts-1.svg\",\"contentUrl\":\"https:\\\/\\\/mail.sts-psa.ch\\\/app\\\/uploads\\\/2024\\\/04\\\/logo-schweizer-tierschutz-sts-1.svg\",\"caption\":\"Schweizer Tierschutz STS\"},\"image\":{\"@id\":\"https:\\\/\\\/tierschutz.com\\\/it\\\/#\\\/schema\\\/logo\\\/image\\\/\"},\"sameAs\":[\"https:\\\/\\\/www.facebook.com\\\/schweizertierschutz\\\/\",\"https:\\\/\\\/www.instagram.com\\\/schweizertierschutzsts\\\/\",\"https:\\\/\\\/www.youtube.com\\\/@STS_Tierschutz\",\"https:\\\/\\\/www.linkedin.com\\\/company\\\/schweizertierschutzsts\\\/\"],\"description\":\"Der Schweizer Tierschutz STS ist der Dachverband von 71 Tierschutzorganisationen in allen Sprachregionen der Schweiz und in Liechtenstein. Seine Mitarbeitenden leisten wissenschaftlich fundierte Grundlagenarbeit, setzen sich mit Projekten und Aktionen f\u00fcr den Schutz und das Wohlbefinden von Heim-, Wild-, Nutz- und Versuchstieren ein und sensibilisieren die \u00d6ffentlichkeit f\u00fcr Tierschutzthemen.\",\"email\":\"sts@tierschutz.com\",\"telephone\":\"061 365 99 99\",\"legalName\":\"Schweizer Tierschutz STS\"},{\"@type\":\"Person\",\"@id\":\"https:\\\/\\\/tierschutz.com\\\/it\\\/#\\\/schema\\\/person\\\/119ff9ca06212ddcde341c9c424c3418\",\"name\":\"Simon Hubacher\",\"image\":{\"@type\":\"ImageObject\",\"inLanguage\":\"it-IT\",\"@id\":\"https:\\\/\\\/secure.gravatar.com\\\/avatar\\\/83f71ef9bb328de5ac4c3a0f9178ce200cfcabdf3b0a51c5c5647b88a7fcf580?s=96&d=mm&r=g\",\"url\":\"https:\\\/\\\/secure.gravatar.com\\\/avatar\\\/83f71ef9bb328de5ac4c3a0f9178ce200cfcabdf3b0a51c5c5647b88a7fcf580?s=96&d=mm&r=g\",\"contentUrl\":\"https:\\\/\\\/secure.gravatar.com\\\/avatar\\\/83f71ef9bb328de5ac4c3a0f9178ce200cfcabdf3b0a51c5c5647b88a7fcf580?s=96&d=mm&r=g\",\"caption\":\"Simon Hubacher\"},\"url\":\"https:\\\/\\\/mail.sts-psa.ch\\\/it\\\/author\\\/simon-hubacher\\\/\"}]}<\/script>\n<!-- \/ Yoast SEO Premium plugin. -->","yoast_head_json":{"title":"Decisione dell'assemblea dei delegati: la Presidente della PSA Nicole Ruch \u00e8 stata destituita dal suo incarico - Protezione Svizzera degli Animali PSA","robots":{"index":"index","follow":"follow","max-snippet":"max-snippet:-1","max-image-preview":"max-image-preview:large","max-video-preview":"max-video-preview:-1"},"canonical":"https:\/\/mail.sts-psa.ch\/it\/decisione-dellassemblea-dei-delegati-la-presidente-della-sts-nicole-ruch-e-stata-destituita-dal-suo-incarico\/","og_locale":"it_IT","og_type":"article","og_title":"Decisione dell'assemblea dei delegati: la Presidente della PSA Nicole Ruch \u00e8 stata destituita dal suo incarico","og_description":"L'Assemblea dei delegati della Protezione Svizzera degli Animali PSA ha adottato oggi una mozione per la revoca del Presidente della STS Nicole Ruch. L'attuale vicepresidente Piero Mazzoleni assumer\u00e0 la presidenza ad interim.","og_url":"https:\/\/mail.sts-psa.ch\/it\/decisione-dellassemblea-dei-delegati-la-presidente-della-sts-nicole-ruch-e-stata-destituita-dal-suo-incarico\/","og_site_name":"Protezione Svizzera degli Animali PSA","article_publisher":"https:\/\/www.facebook.com\/schweizertierschutz\/","article_published_time":"2024-01-27T21:53:03+00:00","article_modified_time":"2025-11-26T08:24:07+00:00","og_image":[{"width":2560,"height":1440,"url":"https:\/\/mail.schweizertierschutz.ch\/app\/uploads\/2025\/03\/sts-logo-MM-it-scaled.jpg","type":"image\/jpeg"}],"author":"Simon Hubacher","twitter_card":"summary_large_image","twitter_misc":{"Scritto da":"Simon Hubacher","Tempo di lettura stimato":"2 minuti"},"schema":{"@context":"https:\/\/schema.org","@graph":[{"@type":"NewsArticle","@id":"https:\/\/mail.sts-psa.ch\/it\/decisione-dellassemblea-dei-delegati-la-presidente-della-sts-nicole-ruch-e-stata-destituita-dal-suo-incarico\/#article","isPartOf":{"@id":"https:\/\/mail.sts-psa.ch\/it\/decisione-dellassemblea-dei-delegati-la-presidente-della-sts-nicole-ruch-e-stata-destituita-dal-suo-incarico\/"},"author":{"name":"Simon Hubacher","@id":"https:\/\/tierschutz.com\/it\/#\/schema\/person\/119ff9ca06212ddcde341c9c424c3418"},"headline":"Decisione dell&#8217;assemblea dei delegati: la Presidente della PSA Nicole Ruch \u00e8 stata destituita dal suo incarico","datePublished":"2024-01-27T21:53:03+00:00","dateModified":"2025-11-26T08:24:07+00:00","mainEntityOfPage":{"@id":"https:\/\/mail.sts-psa.ch\/it\/decisione-dellassemblea-dei-delegati-la-presidente-della-sts-nicole-ruch-e-stata-destituita-dal-suo-incarico\/"},"wordCount":198,"publisher":{"@id":"https:\/\/tierschutz.com\/it\/#organization"},"image":{"@id":"https:\/\/mail.sts-psa.ch\/it\/decisione-dellassemblea-dei-delegati-la-presidente-della-sts-nicole-ruch-e-stata-destituita-dal-suo-incarico\/#primaryimage"},"thumbnailUrl":"https:\/\/mail.sts-psa.ch\/app\/uploads\/2025\/03\/sts-logo-MM-it-scaled.jpg","articleSection":["Comunicato stampa"],"inLanguage":"it-IT"},{"@type":"WebPage","@id":"https:\/\/mail.sts-psa.ch\/it\/decisione-dellassemblea-dei-delegati-la-presidente-della-sts-nicole-ruch-e-stata-destituita-dal-suo-incarico\/","url":"https:\/\/mail.sts-psa.ch\/it\/decisione-dellassemblea-dei-delegati-la-presidente-della-sts-nicole-ruch-e-stata-destituita-dal-suo-incarico\/","name":"Decisione dell'assemblea dei delegati: la Presidente della PSA Nicole Ruch \u00e8 stata destituita dal suo incarico - Protezione Svizzera degli Animali PSA","isPartOf":{"@id":"https:\/\/tierschutz.com\/it\/#website"},"primaryImageOfPage":{"@id":"https:\/\/mail.sts-psa.ch\/it\/decisione-dellassemblea-dei-delegati-la-presidente-della-sts-nicole-ruch-e-stata-destituita-dal-suo-incarico\/#primaryimage"},"image":{"@id":"https:\/\/mail.sts-psa.ch\/it\/decisione-dellassemblea-dei-delegati-la-presidente-della-sts-nicole-ruch-e-stata-destituita-dal-suo-incarico\/#primaryimage"},"thumbnailUrl":"https:\/\/mail.sts-psa.ch\/app\/uploads\/2025\/03\/sts-logo-MM-it-scaled.jpg","datePublished":"2024-01-27T21:53:03+00:00","dateModified":"2025-11-26T08:24:07+00:00","breadcrumb":{"@id":"https:\/\/mail.sts-psa.ch\/it\/decisione-dellassemblea-dei-delegati-la-presidente-della-sts-nicole-ruch-e-stata-destituita-dal-suo-incarico\/#breadcrumb"},"inLanguage":"it-IT","potentialAction":[{"@type":"ReadAction","target":["https:\/\/mail.sts-psa.ch\/it\/decisione-dellassemblea-dei-delegati-la-presidente-della-sts-nicole-ruch-e-stata-destituita-dal-suo-incarico\/"]}]},{"@type":"ImageObject","inLanguage":"it-IT","@id":"https:\/\/mail.sts-psa.ch\/it\/decisione-dellassemblea-dei-delegati-la-presidente-della-sts-nicole-ruch-e-stata-destituita-dal-suo-incarico\/#primaryimage","url":"https:\/\/mail.sts-psa.ch\/app\/uploads\/2025\/03\/sts-logo-MM-it-scaled.jpg","contentUrl":"https:\/\/mail.sts-psa.ch\/app\/uploads\/2025\/03\/sts-logo-MM-it-scaled.jpg","width":2560,"height":1440},{"@type":"BreadcrumbList","@id":"https:\/\/mail.sts-psa.ch\/it\/decisione-dellassemblea-dei-delegati-la-presidente-della-sts-nicole-ruch-e-stata-destituita-dal-suo-incarico\/#breadcrumb","itemListElement":[{"@type":"ListItem","position":1,"name":"Pagina iniziale","item":"https:\/\/tierschutz.com\/it\/"},{"@type":"ListItem","position":2,"name":"Decisione dell&#8217;assemblea dei delegati: la Presidente della PSA Nicole Ruch \u00e8 stata destituita dal suo incarico"}]},{"@type":"WebSite","@id":"https:\/\/tierschutz.com\/it\/#website","url":"https:\/\/tierschutz.com\/it\/","name":"tierschutz.com","description":"Wir setzen uns f\u00fcr das Wohl der Tiere ein.","publisher":{"@id":"https:\/\/tierschutz.com\/it\/#organization"},"alternateName":"Schweizer Tierschutz STS","potentialAction":[{"@type":"SearchAction","target":{"@type":"EntryPoint","urlTemplate":"https:\/\/tierschutz.com\/it\/?s={search_term_string}"},"query-input":{"@type":"PropertyValueSpecification","valueRequired":true,"valueName":"search_term_string"}}],"inLanguage":"it-IT"},{"@type":"Organization","@id":"https:\/\/tierschutz.com\/it\/#organization","name":"Schweizer Tierschutz STS","alternateName":"STS","url":"https:\/\/tierschutz.com\/it\/","logo":{"@type":"ImageObject","inLanguage":"it-IT","@id":"https:\/\/tierschutz.com\/it\/#\/schema\/logo\/image\/","url":"https:\/\/mail.sts-psa.ch\/app\/uploads\/2024\/04\/logo-schweizer-tierschutz-sts-1.svg","contentUrl":"https:\/\/mail.sts-psa.ch\/app\/uploads\/2024\/04\/logo-schweizer-tierschutz-sts-1.svg","caption":"Schweizer Tierschutz STS"},"image":{"@id":"https:\/\/tierschutz.com\/it\/#\/schema\/logo\/image\/"},"sameAs":["https:\/\/www.facebook.com\/schweizertierschutz\/","https:\/\/www.instagram.com\/schweizertierschutzsts\/","https:\/\/www.youtube.com\/@STS_Tierschutz","https:\/\/www.linkedin.com\/company\/schweizertierschutzsts\/"],"description":"Der Schweizer Tierschutz STS ist der Dachverband von 71 Tierschutzorganisationen in allen Sprachregionen der Schweiz und in Liechtenstein. Seine Mitarbeitenden leisten wissenschaftlich fundierte Grundlagenarbeit, setzen sich mit Projekten und Aktionen f\u00fcr den Schutz und das Wohlbefinden von Heim-, Wild-, Nutz- und Versuchstieren ein und sensibilisieren die \u00d6ffentlichkeit f\u00fcr Tierschutzthemen.","email":"sts@tierschutz.com","telephone":"061 365 99 99","legalName":"Schweizer Tierschutz STS"},{"@type":"Person","@id":"https:\/\/tierschutz.com\/it\/#\/schema\/person\/119ff9ca06212ddcde341c9c424c3418","name":"Simon Hubacher","image":{"@type":"ImageObject","inLanguage":"it-IT","@id":"https:\/\/secure.gravatar.com\/avatar\/83f71ef9bb328de5ac4c3a0f9178ce200cfcabdf3b0a51c5c5647b88a7fcf580?s=96&d=mm&r=g","url":"https:\/\/secure.gravatar.com\/avatar\/83f71ef9bb328de5ac4c3a0f9178ce200cfcabdf3b0a51c5c5647b88a7fcf580?s=96&d=mm&r=g","contentUrl":"https:\/\/secure.gravatar.com\/avatar\/83f71ef9bb328de5ac4c3a0f9178ce200cfcabdf3b0a51c5c5647b88a7fcf580?s=96&d=mm&r=g","caption":"Simon Hubacher"},"url":"https:\/\/mail.sts-psa.ch\/it\/author\/simon-hubacher\/"}]}},"_links":{"self":[{"href":"https:\/\/mail.sts-psa.ch\/it\/wp-json\/wp\/v2\/posts\/14376","targetHints":{"allow":["GET"]}}],"collection":[{"href":"https:\/\/mail.sts-psa.ch\/it\/wp-json\/wp\/v2\/posts"}],"about":[{"href":"https:\/\/mail.sts-psa.ch\/it\/wp-json\/wp\/v2\/types\/post"}],"author":[{"embeddable":true,"href":"https:\/\/mail.sts-psa.ch\/it\/wp-json\/wp\/v2\/users\/3"}],"replies":[{"embeddable":true,"href":"https:\/\/mail.sts-psa.ch\/it\/wp-json\/wp\/v2\/comments?post=14376"}],"version-history":[{"count":4,"href":"https:\/\/mail.sts-psa.ch\/it\/wp-json\/wp\/v2\/posts\/14376\/revisions"}],"predecessor-version":[{"id":35250,"href":"https:\/\/mail.sts-psa.ch\/it\/wp-json\/wp\/v2\/posts\/14376\/revisions\/35250"}],"wp:featuredmedia":[{"embeddable":true,"href":"https:\/\/mail.sts-psa.ch\/it\/wp-json\/wp\/v2\/media\/30114"}],"wp:attachment":[{"href":"https:\/\/mail.sts-psa.ch\/it\/wp-json\/wp\/v2\/media?parent=14376"}],"wp:term":[{"taxonomy":"category","embeddable":true,"href":"https:\/\/mail.sts-psa.ch\/it\/wp-json\/wp\/v2\/categories?post=14376"},{"taxonomy":"post_tag","embeddable":true,"href":"https:\/\/mail.sts-psa.ch\/it\/wp-json\/wp\/v2\/tags?post=14376"}],"curies":[{"name":"wp","href":"https:\/\/api.w.org\/{rel}","templated":true}]}}